{"id":4986,"date":"2024-05-06T07:27:25","date_gmt":"2024-05-06T06:27:25","guid":{"rendered":"http:\/\/velo-club-brignais.com\/v2\/?p=4986"},"modified":"2024-05-06T07:27:25","modified_gmt":"2024-05-06T06:27:25","slug":"tdjv-de-saint-laurent-de-mure","status":"publish","type":"post","link":"https:\/\/velo-club-brignais.com\/v2\/?p=4986","title":{"rendered":"TDJV de Saint Laurent de Mure"},"content":{"rendered":"\n<p>Retour en images sur le TDJV de Saint Laurent de Mure qui avait lieu ce dimanche 05 mai 2024.<\/p>\n\n\n\n<p>20 jeunes v\u00e9t\u00e9tistes du VCB \u00e9taient pr\u00e9sents sur les lignes de d\u00e9part de cette manche organis\u00e9e par l&#8217;Etoile Cycliste Muroise.<\/p>\n\n\n\n<p>Le club \u00e9tait \u00e9galement repr\u00e9sent\u00e9 par deux arbitres de trial.<\/p>\n\n\n\n<p>Les \u00e9preuves du jour : Trial et XCE.<\/p>\n\n\n\n<p>Un grand bravo \u00e0 tous les m\u00e9daill\u00e9s :<br>&#8211; Basile et Gabin, 1er et 3\u00e8me en U9 gar\u00e7ons,<br>&#8211; P\u00e9n\u00e9lope, 1\u00e8re en U11 filles,<br>&#8211; Nathanel et Loan, 1er et 2\u00e8me en U11 gar\u00e7ons,<br>&#8211; Beno\u00eet 3\u00e8me en U17 gar\u00e7ons.<\/p>\n\n\n\n<p>Et merci aux familles venues (une fois encore) nombreuses encourager nos jeunes !<\/p>\n\n\n\n<p>Tournons-nous maintenant vers notre prochain objectif : le TDJV de Brignais qui aura lieu le dimanche 02 juin 2024 \u00e0 Sacuny.<\/p>\n\n\n\n<p>Venez nombreux encourager nos jeunes pour cette manche organis\u00e9e par notre club (buvette et restauration sur place).<\/p>\n\n\n\n<figure class=\"wp-block-gallery has-nested-images columns-default is-cropped\">\n<figure class=\"wp-block-image size-large\"><img loading=\"lazy\" width=\"1200\" height=\"1600\" data-id=\"5004\"  src=\"http:\/\/velo-club-brignais.com\/v2\/wp-content\/uploads\/2024\/05\/TDJV_ECM_XCE.jpg\" alt=\"\" class=\"wp-image-5004\" srcset=\"https:\/\/velo-club-brignais.com\/v2\/wp-content\/uploads\/2024\/05\/TDJV_ECM_XCE.jpg 1200w, https:\/\/velo-club-brignais.com\/v2\/wp-content\/uploads\/2024\/05\/TDJV_ECM_XCE-225x300.jpg 225w, https:\/\/velo-club-brignais.com\/v2\/wp-content\/uploads\/2024\/05\/TDJV_ECM_XCE-768x1024.jpg 768w, https:\/\/velo-club-brignais.com\/v2\/wp-content\/uploads\/2024\/05\/TDJV_ECM_XCE-113x150.jpg 113w, https:\/\/velo-club-brignais.com\/v2\/wp-content\/uploads\/2024\/05\/TDJV_ECM_XCE-1152x1536.jpg 1152w, https:\/\/velo-club-brignais.com\/v2\/wp-content\/uploads\/2024\/05\/TDJV_ECM_XCE-945x1260.jpg 945w, https:\/\/velo-club-brignais.com\/v2\/wp-content\/uploads\/2024\/05\/TDJV_ECM_XCE-600x800.jpg 600w\" sizes=\"(max-width: 1200px) 100vw, 1200px\" \/><\/figure>\n\n\n\n<figure class=\"wp-block-image size-large\"><img loading=\"lazy\" width=\"754\" height=\"618\" data-id=\"5003\"  src=\"http:\/\/velo-club-brignais.com\/v2\/wp-content\/uploads\/2024\/05\/TDJV_ECM_PodiumU9G.jpg\" alt=\"\" class=\"wp-image-5003\" srcset=\"https:\/\/velo-club-brignais.com\/v2\/wp-content\/uploads\/2024\/05\/TDJV_ECM_PodiumU9G.jpg 754w, https:\/\/velo-club-brignais.com\/v2\/wp-content\/uploads\/2024\/05\/TDJV_ECM_PodiumU9G-300x246.jpg 300w, https:\/\/velo-club-brignais.com\/v2\/wp-content\/uploads\/2024\/05\/TDJV_ECM_PodiumU9G-150x123.jpg 150w, https:\/\/velo-club-brignais.com\/v2\/wp-content\/uploads\/2024\/05\/TDJV_ECM_PodiumU9G-600x492.jpg 600w\" sizes=\"(max-width: 754px) 100vw, 754px\" \/><\/figure>\n\n\n\n<figure class=\"wp-block-image size-large\"><img loading=\"lazy\" width=\"658\" height=\"696\" data-id=\"5002\"  src=\"http:\/\/velo-club-brignais.com\/v2\/wp-content\/uploads\/2024\/05\/TDJV_ECM_Podium_U17G.jpg\" alt=\"\" class=\"wp-image-5002\" srcset=\"https:\/\/velo-club-brignais.com\/v2\/wp-content\/uploads\/2024\/05\/TDJV_ECM_Podium_U17G.jpg 658w, https:\/\/velo-club-brignais.com\/v2\/wp-content\/uploads\/2024\/05\/TDJV_ECM_Podium_U17G-284x300.jpg 284w, https:\/\/velo-club-brignais.com\/v2\/wp-content\/uploads\/2024\/05\/TDJV_ECM_Podium_U17G-142x150.jpg 142w, https:\/\/velo-club-brignais.com\/v2\/wp-content\/uploads\/2024\/05\/TDJV_ECM_Podium_U17G-600x635.jpg 600w\" sizes=\"(max-width: 658px) 100vw, 658px\" \/><\/figure>\n\n\n\n<figure class=\"wp-block-image size-large\"><img loading=\"lazy\" width=\"756\" height=\"564\" data-id=\"5001\"  src=\"http:\/\/velo-club-brignais.com\/v2\/wp-content\/uploads\/2024\/05\/TDJV_ECM_Podium_U11G.jpg\" alt=\"\" class=\"wp-image-5001\" srcset=\"https:\/\/velo-club-brignais.com\/v2\/wp-content\/uploads\/2024\/05\/TDJV_ECM_Podium_U11G.jpg 756w, https:\/\/velo-club-brignais.com\/v2\/wp-content\/uploads\/2024\/05\/TDJV_ECM_Podium_U11G-300x224.jpg 300w, https:\/\/velo-club-brignais.com\/v2\/wp-content\/uploads\/2024\/05\/TDJV_ECM_Podium_U11G-150x112.jpg 150w, https:\/\/velo-club-brignais.com\/v2\/wp-content\/uploads\/2024\/05\/TDJV_ECM_Podium_U11G-600x448.jpg 600w\" sizes=\"(max-width: 756px) 100vw, 756px\" \/><\/figure>\n\n\n\n<figure class=\"wp-block-image size-large\"><img loading=\"lazy\" width=\"745\" height=\"633\" data-id=\"5000\"  src=\"http:\/\/velo-club-brignais.com\/v2\/wp-content\/uploads\/2024\/05\/TDJV_ECM_Podium_U11F.jpg\" alt=\"\" class=\"wp-image-5000\" srcset=\"https:\/\/velo-club-brignais.com\/v2\/wp-content\/uploads\/2024\/05\/TDJV_ECM_Podium_U11F.jpg 745w, https:\/\/velo-club-brignais.com\/v2\/wp-content\/uploads\/2024\/05\/TDJV_ECM_Podium_U11F-300x255.jpg 300w, https:\/\/velo-club-brignais.com\/v2\/wp-content\/uploads\/2024\/05\/TDJV_ECM_Podium_U11F-150x127.jpg 150w, https:\/\/velo-club-brignais.com\/v2\/wp-content\/uploads\/2024\/05\/TDJV_ECM_Podium_U11F-600x510.jpg 600w\" sizes=\"(max-width: 745px) 100vw, 745px\" \/><\/figure>\n\n\n\n<figure class=\"wp-block-image size-large\"><img loading=\"lazy\" width=\"1204\" height=\"1600\" data-id=\"4999\"  src=\"http:\/\/velo-club-brignais.com\/v2\/wp-content\/uploads\/2024\/05\/TDJV_ECM_Medailles.jpg\" alt=\"\" class=\"wp-image-4999\" srcset=\"https:\/\/velo-club-brignais.com\/v2\/wp-content\/uploads\/2024\/05\/TDJV_ECM_Medailles.jpg 1204w, https:\/\/velo-club-brignais.com\/v2\/wp-content\/uploads\/2024\/05\/TDJV_ECM_Medailles-226x300.jpg 226w, https:\/\/velo-club-brignais.com\/v2\/wp-content\/uploads\/2024\/05\/TDJV_ECM_Medailles-771x1024.jpg 771w, https:\/\/velo-club-brignais.com\/v2\/wp-content\/uploads\/2024\/05\/TDJV_ECM_Medailles-113x150.jpg 113w, https:\/\/velo-club-brignais.com\/v2\/wp-content\/uploads\/2024\/05\/TDJV_ECM_Medailles-768x1021.jpg 768w, https:\/\/velo-club-brignais.com\/v2\/wp-content\/uploads\/2024\/05\/TDJV_ECM_Medailles-1156x1536.jpg 1156w, https:\/\/velo-club-brignais.com\/v2\/wp-content\/uploads\/2024\/05\/TDJV_ECM_Medailles-945x1256.jpg 945w, https:\/\/velo-club-brignais.com\/v2\/wp-content\/uploads\/2024\/05\/TDJV_ECM_Medailles-600x797.jpg 600w\" sizes=\"(max-width: 1204px) 100vw, 1204px\" \/><\/figure>\n<\/figure>\n","protected":false},"excerpt":{"rendered":"<p>Retour en images sur le TDJV de Saint Laurent de Mure qui avait lieu ce dimanche 05 mai 2024. 20 jeunes v\u00e9t\u00e9tistes du VCB \u00e9taient pr\u00e9sents sur les lignes de d\u00e9part de cette manche organis\u00e9e par l&#8217;Etoile Cycliste Muroise. Le&#8230; <a class=\"more-link\" href=\"https:\/\/velo-club-brignais.com\/v2\/?p=4986\">Continue Reading &rarr;<\/a><\/p>\n","protected":false},"author":1,"featured_media":4998,"comment_status":"closed","ping_status":"open","sticky":false,"template":"","format":"standard","meta":{"_seopress_robots_primary_cat":"none","_seopress_titles_title":"TDJV de Saint Laurent de Mure","_seopress_titles_desc":"Les jeunes v\u00e9t\u00e9tistes du VCB \u00e9taient pr\u00e9sents au TDJV de Saint Laurent de Mure ce dimanche 05 mai 2024. Retour en images sur les podiums.","_seopress_robots_index":"","_monsterinsights_skip_tracking":false,"_monsterinsights_sitenote_active":false,"_monsterinsights_sitenote_note":"","_monsterinsights_sitenote_category":0},"categories":[1],"tags":[],"_links":{"self":[{"href":"https:\/\/velo-club-brignais.com\/v2\/index.php?rest_route=\/wp\/v2\/posts\/4986"}],"collection":[{"href":"https:\/\/velo-club-brignais.com\/v2\/index.php?rest_route=\/wp\/v2\/posts"}],"about":[{"href":"https:\/\/velo-club-brignais.com\/v2\/index.php?rest_route=\/wp\/v2\/types\/post"}],"author":[{"embeddable":true,"href":"https:\/\/velo-club-brignais.com\/v2\/index.php?rest_route=\/wp\/v2\/users\/1"}],"replies":[{"embeddable":true,"href":"https:\/\/velo-club-brignais.com\/v2\/index.php?rest_route=%2Fwp%2Fv2%2Fcomments&post=4986"}],"version-history":[{"count":1,"href":"https:\/\/velo-club-brignais.com\/v2\/index.php?rest_route=\/wp\/v2\/posts\/4986\/revisions"}],"predecessor-version":[{"id":5005,"href":"https:\/\/velo-club-brignais.com\/v2\/index.php?rest_route=\/wp\/v2\/posts\/4986\/revisions\/5005"}],"wp:featuredmedia":[{"embeddable":true,"href":"https:\/\/velo-club-brignais.com\/v2\/index.php?rest_route=\/wp\/v2\/media\/4998"}],"wp:attachment":[{"href":"https:\/\/velo-club-brignais.com\/v2\/index.php?rest_route=%2Fwp%2Fv2%2Fmedia&parent=4986"}],"wp:term":[{"taxonomy":"category","embeddable":true,"href":"https:\/\/velo-club-brignais.com\/v2\/index.php?rest_route=%2Fwp%2Fv2%2Fcategories&post=4986"},{"taxonomy":"post_tag","embeddable":true,"href":"https:\/\/velo-club-brignais.com\/v2\/index.php?rest_route=%2Fwp%2Fv2%2Ftags&post=4986"}],"curies":[{"name":"wp","href":"https:\/\/api.w.org\/{rel}","templated":true}]}}