{"id":5105,"date":"2024-06-03T17:51:12","date_gmt":"2024-06-03T16:51:12","guid":{"rendered":"http:\/\/velo-club-brignais.com\/v2\/?p=5105"},"modified":"2024-06-04T07:01:00","modified_gmt":"2024-06-04T06:01:00","slug":"retour-sur-le-tdjv-de-brignais","status":"publish","type":"post","link":"https:\/\/velo-club-brignais.com\/v2\/?p=5105","title":{"rendered":"Retour sur le TDJV de Brignais"},"content":{"rendered":"\n<p>Cette ann\u00e9e encore, le TDJV de Brignais marquait la derni\u00e8re manche de la saison de VTT 2023-2024.<\/p>\n\n\n\n<p>L&#8217;\u00e9preuve s&#8217;est tenue dimanche 02 juin en plein c\u0153ur du Bois de Sacuny.<\/p>\n\n\n\n<p>93 concurrents (8 filles et 75 gar\u00e7ons) ont brav\u00e9s des conditions m\u00e9t\u00e9os dignes d&#8217;un mois de novembre pour s&#8217;affronter lors de deux \u00e9preuves :\u00a0 Trial et XC.<\/p>\n\n\n\n<div class=\"wp-block-image\"><figure class=\"aligncenter size-large is-resized\"><img loading=\"lazy\" src=\"http:\/\/velo-club-brignais.com\/v2\/wp-content\/uploads\/2024\/06\/TDJV-brignais-Trial-u15-980x1024.png\" alt=\"\" class=\"wp-image-5125\" width=\"245\" height=\"256\" srcset=\"https:\/\/velo-club-brignais.com\/v2\/wp-content\/uploads\/2024\/06\/TDJV-brignais-Trial-u15-980x1024.png 980w, https:\/\/velo-club-brignais.com\/v2\/wp-content\/uploads\/2024\/06\/TDJV-brignais-Trial-u15-287x300.png 287w, https:\/\/velo-club-brignais.com\/v2\/wp-content\/uploads\/2024\/06\/TDJV-brignais-Trial-u15-143x150.png 143w, https:\/\/velo-club-brignais.com\/v2\/wp-content\/uploads\/2024\/06\/TDJV-brignais-Trial-u15-768x803.png 768w, https:\/\/velo-club-brignais.com\/v2\/wp-content\/uploads\/2024\/06\/TDJV-brignais-Trial-u15-945x988.png 945w, https:\/\/velo-club-brignais.com\/v2\/wp-content\/uploads\/2024\/06\/TDJV-brignais-Trial-u15-600x627.png 600w, https:\/\/velo-club-brignais.com\/v2\/wp-content\/uploads\/2024\/06\/TDJV-brignais-Trial-u15.png 1080w\" sizes=\"(max-width: 245px) 100vw, 245px\" \/><\/figure><\/div>\n\n\n\n<p>Le VCB ram\u00e8ne 5 m\u00e9dailles :<\/p>\n\n\n\n<ul><li>Deux en or avec Basile U9 et P\u00e9n\u00e9lope U11,<\/li><\/ul>\n\n\n\n<ul><li>Une en argent avec Nathana\u00ebl U11<\/li><\/ul>\n\n\n\n<ul><li>Deux en bronze avec&nbsp; Lohan U11 et Rom\u00e9o U15.<\/li><\/ul>\n\n\n\n<p>Bravo \u00e0 eux.<\/p>\n\n\n\n<p>Ce TDJV conclut une belle saison sur le plan sportif.<\/p>\n\n\n\n<p>Au classement des Clubs, le VCB se classe 2e avec 6492 points, derri\u00e8re Pommiers VTT (9235 points).<\/p>\n\n\n\n<p><\/p>\n\n\n\n<p>Le club remercie vivement les nombreux b\u00e9n\u00e9voles mobilis\u00e9s plusieurs jours en amont et pr\u00e9sents toute la journ\u00e9e dimanche, parfois depuis 6h30 du matin et jusqu&#8217;\u00e0 tard le soir. Ils ont permis de faire de cette journ\u00e9e un succ\u00e8s.<\/p>\n\n\n\n<p>Merci \u00e9galement aux parents venus encourager les jeunes en nombre, malgr\u00e9 le froid et la pluie.<\/p>\n\n\n\n<p>Bravo \u00e0 tous les concurrents pour leur engagement et leur d\u00e9termination, ils ont tout donn\u00e9. En t\u00e9moignent les tenues recouvertes de boue \u00e0 la fin du XC !!!<\/p>\n\n\n\n<p>Enfin un merci particulier \u00e0 Pascal Chabance organisateur en chef du TDJV.<\/p>\n\n\n\n<p><\/p>\n\n\n\n<p>La saison n&#8217;est pas finie, quelques entrainements, une sortie enduro et des moments de convivialit\u00e9 viendront jalonner le mois de juin.<\/p>\n\n\n\n<p><\/p>\n\n\n\n<figure class=\"wp-block-gallery has-nested-images columns-default is-cropped\">\n<figure class=\"wp-block-image size-large\"><img loading=\"lazy\" width=\"771\" height=\"1024\" data-id=\"5126\"  src=\"http:\/\/velo-club-brignais.com\/v2\/wp-content\/uploads\/2024\/06\/TDJV-Brignais-tria-u11F-771x1024.jpg\" alt=\"\" class=\"wp-image-5126\" srcset=\"https:\/\/velo-club-brignais.com\/v2\/wp-content\/uploads\/2024\/06\/TDJV-Brignais-tria-u11F-771x1024.jpg 771w, https:\/\/velo-club-brignais.com\/v2\/wp-content\/uploads\/2024\/06\/TDJV-Brignais-tria-u11F-226x300.jpg 226w, https:\/\/velo-club-brignais.com\/v2\/wp-content\/uploads\/2024\/06\/TDJV-Brignais-tria-u11F-113x150.jpg 113w, https:\/\/velo-club-brignais.com\/v2\/wp-content\/uploads\/2024\/06\/TDJV-Brignais-tria-u11F-768x1020.jpg 768w, https:\/\/velo-club-brignais.com\/v2\/wp-content\/uploads\/2024\/06\/TDJV-Brignais-tria-u11F-1157x1536.jpg 1157w, https:\/\/velo-club-brignais.com\/v2\/wp-content\/uploads\/2024\/06\/TDJV-Brignais-tria-u11F-1542x2048.jpg 1542w, https:\/\/velo-club-brignais.com\/v2\/wp-content\/uploads\/2024\/06\/TDJV-Brignais-tria-u11F-945x1255.jpg 945w, https:\/\/velo-club-brignais.com\/v2\/wp-content\/uploads\/2024\/06\/TDJV-Brignais-tria-u11F-600x797.jpg 600w, https:\/\/velo-club-brignais.com\/v2\/wp-content\/uploads\/2024\/06\/TDJV-Brignais-tria-u11F-scaled.jpg 1928w\" sizes=\"(max-width: 771px) 100vw, 771px\" \/><\/figure>\n\n\n\n<figure class=\"wp-block-image size-large\"><img loading=\"lazy\" width=\"771\" height=\"1024\" data-id=\"5127\"  src=\"http:\/\/velo-club-brignais.com\/v2\/wp-content\/uploads\/2024\/06\/TDJV-Brignais-Trial-u17-771x1024.jpg\" alt=\"\" class=\"wp-image-5127\" srcset=\"https:\/\/velo-club-brignais.com\/v2\/wp-content\/uploads\/2024\/06\/TDJV-Brignais-Trial-u17-771x1024.jpg 771w, https:\/\/velo-club-brignais.com\/v2\/wp-content\/uploads\/2024\/06\/TDJV-Brignais-Trial-u17-226x300.jpg 226w, https:\/\/velo-club-brignais.com\/v2\/wp-content\/uploads\/2024\/06\/TDJV-Brignais-Trial-u17-113x150.jpg 113w, https:\/\/velo-club-brignais.com\/v2\/wp-content\/uploads\/2024\/06\/TDJV-Brignais-Trial-u17-768x1020.jpg 768w, https:\/\/velo-club-brignais.com\/v2\/wp-content\/uploads\/2024\/06\/TDJV-Brignais-Trial-u17-1157x1536.jpg 1157w, https:\/\/velo-club-brignais.com\/v2\/wp-content\/uploads\/2024\/06\/TDJV-Brignais-Trial-u17-1542x2048.jpg 1542w, https:\/\/velo-club-brignais.com\/v2\/wp-content\/uploads\/2024\/06\/TDJV-Brignais-Trial-u17-945x1255.jpg 945w, https:\/\/velo-club-brignais.com\/v2\/wp-content\/uploads\/2024\/06\/TDJV-Brignais-Trial-u17-600x797.jpg 600w, https:\/\/velo-club-brignais.com\/v2\/wp-content\/uploads\/2024\/06\/TDJV-Brignais-Trial-u17-scaled.jpg 1928w\" sizes=\"(max-width: 771px) 100vw, 771px\" \/><\/figure>\n\n\n\n<figure class=\"wp-block-image size-large\"><img loading=\"lazy\" width=\"1024\" height=\"771\" data-id=\"5133\"  src=\"http:\/\/velo-club-brignais.com\/v2\/wp-content\/uploads\/2024\/06\/TDJV-BRIGNAIS-DEPART-U9-1024x771.jpg\" alt=\"\" class=\"wp-image-5133\" srcset=\"https:\/\/velo-club-brignais.com\/v2\/wp-content\/uploads\/2024\/06\/TDJV-BRIGNAIS-DEPART-U9-1024x771.jpg 1024w, https:\/\/velo-club-brignais.com\/v2\/wp-content\/uploads\/2024\/06\/TDJV-BRIGNAIS-DEPART-U9-300x226.jpg 300w, https:\/\/velo-club-brignais.com\/v2\/wp-content\/uploads\/2024\/06\/TDJV-BRIGNAIS-DEPART-U9-150x113.jpg 150w, https:\/\/velo-club-brignais.com\/v2\/wp-content\/uploads\/2024\/06\/TDJV-BRIGNAIS-DEPART-U9-768x578.jpg 768w, https:\/\/velo-club-brignais.com\/v2\/wp-content\/uploads\/2024\/06\/TDJV-BRIGNAIS-DEPART-U9-1536x1157.jpg 1536w, https:\/\/velo-club-brignais.com\/v2\/wp-content\/uploads\/2024\/06\/TDJV-BRIGNAIS-DEPART-U9-2048x1542.jpg 2048w, https:\/\/velo-club-brignais.com\/v2\/wp-content\/uploads\/2024\/06\/TDJV-BRIGNAIS-DEPART-U9-945x712.jpg 945w, https:\/\/velo-club-brignais.com\/v2\/wp-content\/uploads\/2024\/06\/TDJV-BRIGNAIS-DEPART-U9-600x452.jpg 600w\" sizes=\"(max-width: 1024px) 100vw, 1024px\" \/><\/figure>\n\n\n\n<figure class=\"wp-block-image size-large\"><img loading=\"lazy\" width=\"1024\" height=\"771\" data-id=\"5131\"  src=\"http:\/\/velo-club-brignais.com\/v2\/wp-content\/uploads\/2024\/06\/TDJV-BRIGNAIS-DEPART-U11F-1024x771.jpg\" alt=\"\" class=\"wp-image-5131\" srcset=\"https:\/\/velo-club-brignais.com\/v2\/wp-content\/uploads\/2024\/06\/TDJV-BRIGNAIS-DEPART-U11F-1024x771.jpg 1024w, https:\/\/velo-club-brignais.com\/v2\/wp-content\/uploads\/2024\/06\/TDJV-BRIGNAIS-DEPART-U11F-300x226.jpg 300w, https:\/\/velo-club-brignais.com\/v2\/wp-content\/uploads\/2024\/06\/TDJV-BRIGNAIS-DEPART-U11F-150x113.jpg 150w, https:\/\/velo-club-brignais.com\/v2\/wp-content\/uploads\/2024\/06\/TDJV-BRIGNAIS-DEPART-U11F-768x578.jpg 768w, https:\/\/velo-club-brignais.com\/v2\/wp-content\/uploads\/2024\/06\/TDJV-BRIGNAIS-DEPART-U11F-1536x1157.jpg 1536w, https:\/\/velo-club-brignais.com\/v2\/wp-content\/uploads\/2024\/06\/TDJV-BRIGNAIS-DEPART-U11F-2048x1542.jpg 2048w, https:\/\/velo-club-brignais.com\/v2\/wp-content\/uploads\/2024\/06\/TDJV-BRIGNAIS-DEPART-U11F-945x712.jpg 945w, https:\/\/velo-club-brignais.com\/v2\/wp-content\/uploads\/2024\/06\/TDJV-BRIGNAIS-DEPART-U11F-600x452.jpg 600w\" sizes=\"(max-width: 1024px) 100vw, 1024px\" \/><\/figure>\n\n\n\n<figure class=\"wp-block-image size-large\"><img loading=\"lazy\" width=\"1024\" height=\"771\" data-id=\"5130\"  src=\"http:\/\/velo-club-brignais.com\/v2\/wp-content\/uploads\/2024\/06\/TDJV-BRIGNAIS-DEPART-U11G-1024x771.jpg\" alt=\"\" class=\"wp-image-5130\" srcset=\"https:\/\/velo-club-brignais.com\/v2\/wp-content\/uploads\/2024\/06\/TDJV-BRIGNAIS-DEPART-U11G-1024x771.jpg 1024w, https:\/\/velo-club-brignais.com\/v2\/wp-content\/uploads\/2024\/06\/TDJV-BRIGNAIS-DEPART-U11G-300x226.jpg 300w, https:\/\/velo-club-brignais.com\/v2\/wp-content\/uploads\/2024\/06\/TDJV-BRIGNAIS-DEPART-U11G-150x113.jpg 150w, https:\/\/velo-club-brignais.com\/v2\/wp-content\/uploads\/2024\/06\/TDJV-BRIGNAIS-DEPART-U11G-768x578.jpg 768w, https:\/\/velo-club-brignais.com\/v2\/wp-content\/uploads\/2024\/06\/TDJV-BRIGNAIS-DEPART-U11G-1536x1157.jpg 1536w, https:\/\/velo-club-brignais.com\/v2\/wp-content\/uploads\/2024\/06\/TDJV-BRIGNAIS-DEPART-U11G-2048x1542.jpg 2048w, https:\/\/velo-club-brignais.com\/v2\/wp-content\/uploads\/2024\/06\/TDJV-BRIGNAIS-DEPART-U11G-945x712.jpg 945w, https:\/\/velo-club-brignais.com\/v2\/wp-content\/uploads\/2024\/06\/TDJV-BRIGNAIS-DEPART-U11G-600x452.jpg 600w\" sizes=\"(max-width: 1024px) 100vw, 1024px\" \/><\/figure>\n\n\n\n<figure class=\"wp-block-image size-large\"><img loading=\"lazy\" width=\"1024\" height=\"771\" data-id=\"5132\"  src=\"http:\/\/velo-club-brignais.com\/v2\/wp-content\/uploads\/2024\/06\/TDJV-BRIGNAIS-DEPART-U13F-1024x771.jpg\" alt=\"\" class=\"wp-image-5132\" srcset=\"https:\/\/velo-club-brignais.com\/v2\/wp-content\/uploads\/2024\/06\/TDJV-BRIGNAIS-DEPART-U13F-1024x771.jpg 1024w, https:\/\/velo-club-brignais.com\/v2\/wp-content\/uploads\/2024\/06\/TDJV-BRIGNAIS-DEPART-U13F-300x226.jpg 300w, https:\/\/velo-club-brignais.com\/v2\/wp-content\/uploads\/2024\/06\/TDJV-BRIGNAIS-DEPART-U13F-150x113.jpg 150w, https:\/\/velo-club-brignais.com\/v2\/wp-content\/uploads\/2024\/06\/TDJV-BRIGNAIS-DEPART-U13F-768x578.jpg 768w, https:\/\/velo-club-brignais.com\/v2\/wp-content\/uploads\/2024\/06\/TDJV-BRIGNAIS-DEPART-U13F-1536x1157.jpg 1536w, https:\/\/velo-club-brignais.com\/v2\/wp-content\/uploads\/2024\/06\/TDJV-BRIGNAIS-DEPART-U13F-2048x1542.jpg 2048w, https:\/\/velo-club-brignais.com\/v2\/wp-content\/uploads\/2024\/06\/TDJV-BRIGNAIS-DEPART-U13F-945x712.jpg 945w, https:\/\/velo-club-brignais.com\/v2\/wp-content\/uploads\/2024\/06\/TDJV-BRIGNAIS-DEPART-U13F-600x452.jpg 600w\" sizes=\"(max-width: 1024px) 100vw, 1024px\" \/><\/figure>\n\n\n\n<figure class=\"wp-block-image size-large\"><img loading=\"lazy\" width=\"1024\" height=\"771\" data-id=\"5129\"  src=\"http:\/\/velo-club-brignais.com\/v2\/wp-content\/uploads\/2024\/06\/TDJV-BRIGNAIS-DEPART-U13G-1024x771.jpg\" alt=\"\" class=\"wp-image-5129\" srcset=\"https:\/\/velo-club-brignais.com\/v2\/wp-content\/uploads\/2024\/06\/TDJV-BRIGNAIS-DEPART-U13G-1024x771.jpg 1024w, https:\/\/velo-club-brignais.com\/v2\/wp-content\/uploads\/2024\/06\/TDJV-BRIGNAIS-DEPART-U13G-300x226.jpg 300w, https:\/\/velo-club-brignais.com\/v2\/wp-content\/uploads\/2024\/06\/TDJV-BRIGNAIS-DEPART-U13G-150x113.jpg 150w, https:\/\/velo-club-brignais.com\/v2\/wp-content\/uploads\/2024\/06\/TDJV-BRIGNAIS-DEPART-U13G-768x578.jpg 768w, https:\/\/velo-club-brignais.com\/v2\/wp-content\/uploads\/2024\/06\/TDJV-BRIGNAIS-DEPART-U13G-1536x1157.jpg 1536w, https:\/\/velo-club-brignais.com\/v2\/wp-content\/uploads\/2024\/06\/TDJV-BRIGNAIS-DEPART-U13G-2048x1542.jpg 2048w, https:\/\/velo-club-brignais.com\/v2\/wp-content\/uploads\/2024\/06\/TDJV-BRIGNAIS-DEPART-U13G-945x712.jpg 945w, https:\/\/velo-club-brignais.com\/v2\/wp-content\/uploads\/2024\/06\/TDJV-BRIGNAIS-DEPART-U13G-600x452.jpg 600w\" sizes=\"(max-width: 1024px) 100vw, 1024px\" \/><\/figure>\n\n\n\n<figure class=\"wp-block-image size-large\"><img loading=\"lazy\" width=\"1024\" height=\"771\" data-id=\"5128\"  src=\"http:\/\/velo-club-brignais.com\/v2\/wp-content\/uploads\/2024\/06\/TDJV-BRIGNAIS-DEPART-U15G-1024x771.jpg\" alt=\"\" class=\"wp-image-5128\" srcset=\"https:\/\/velo-club-brignais.com\/v2\/wp-content\/uploads\/2024\/06\/TDJV-BRIGNAIS-DEPART-U15G-1024x771.jpg 1024w, https:\/\/velo-club-brignais.com\/v2\/wp-content\/uploads\/2024\/06\/TDJV-BRIGNAIS-DEPART-U15G-300x226.jpg 300w, https:\/\/velo-club-brignais.com\/v2\/wp-content\/uploads\/2024\/06\/TDJV-BRIGNAIS-DEPART-U15G-150x113.jpg 150w, https:\/\/velo-club-brignais.com\/v2\/wp-content\/uploads\/2024\/06\/TDJV-BRIGNAIS-DEPART-U15G-768x578.jpg 768w, https:\/\/velo-club-brignais.com\/v2\/wp-content\/uploads\/2024\/06\/TDJV-BRIGNAIS-DEPART-U15G-1536x1157.jpg 1536w, https:\/\/velo-club-brignais.com\/v2\/wp-content\/uploads\/2024\/06\/TDJV-BRIGNAIS-DEPART-U15G-2048x1542.jpg 2048w, https:\/\/velo-club-brignais.com\/v2\/wp-content\/uploads\/2024\/06\/TDJV-BRIGNAIS-DEPART-U15G-945x712.jpg 945w, https:\/\/velo-club-brignais.com\/v2\/wp-content\/uploads\/2024\/06\/TDJV-BRIGNAIS-DEPART-U15G-600x452.jpg 600w\" sizes=\"(max-width: 1024px) 100vw, 1024px\" \/><\/figure>\n\n\n\n<figure class=\"wp-block-image size-large\"><img loading=\"lazy\" width=\"1024\" height=\"771\" data-id=\"5134\"  src=\"http:\/\/velo-club-brignais.com\/v2\/wp-content\/uploads\/2024\/06\/TDJV-BRIGNAIS-DEPART-U17-1024x771.jpg\" alt=\"\" class=\"wp-image-5134\" srcset=\"https:\/\/velo-club-brignais.com\/v2\/wp-content\/uploads\/2024\/06\/TDJV-BRIGNAIS-DEPART-U17-1024x771.jpg 1024w, https:\/\/velo-club-brignais.com\/v2\/wp-content\/uploads\/2024\/06\/TDJV-BRIGNAIS-DEPART-U17-300x226.jpg 300w, https:\/\/velo-club-brignais.com\/v2\/wp-content\/uploads\/2024\/06\/TDJV-BRIGNAIS-DEPART-U17-150x113.jpg 150w, https:\/\/velo-club-brignais.com\/v2\/wp-content\/uploads\/2024\/06\/TDJV-BRIGNAIS-DEPART-U17-768x578.jpg 768w, https:\/\/velo-club-brignais.com\/v2\/wp-content\/uploads\/2024\/06\/TDJV-BRIGNAIS-DEPART-U17-1536x1157.jpg 1536w, https:\/\/velo-club-brignais.com\/v2\/wp-content\/uploads\/2024\/06\/TDJV-BRIGNAIS-DEPART-U17-2048x1542.jpg 2048w, https:\/\/velo-club-brignais.com\/v2\/wp-content\/uploads\/2024\/06\/TDJV-BRIGNAIS-DEPART-U17-945x712.jpg 945w, https:\/\/velo-club-brignais.com\/v2\/wp-content\/uploads\/2024\/06\/TDJV-BRIGNAIS-DEPART-U17-600x452.jpg 600w\" sizes=\"(max-width: 1024px) 100vw, 1024px\" \/><\/figure>\n<figcaption class=\"blocks-gallery-caption\">D\u00e9parts de la XC TDJV Brignais 2024<\/figcaption><\/figure>\n","protected":false},"excerpt":{"rendered":"<p>Cette ann\u00e9e encore, le TDJV de Brignais marquait la derni\u00e8re manche de la saison de VTT 2023-2024. L&#8217;\u00e9preuve s&#8217;est tenue dimanche 02 juin en plein c\u0153ur du Bois de Sacuny. 93 concurrents (8 filles et 75 gar\u00e7ons) ont brav\u00e9s des&#8230; <a class=\"more-link\" href=\"https:\/\/velo-club-brignais.com\/v2\/?p=5105\">Continue Reading &rarr;<\/a><\/p>\n","protected":false},"author":1,"featured_media":5108,"comment_status":"closed","ping_status":"open","sticky":false,"template":"","format":"standard","meta":{"_seopress_robots_primary_cat":"none","_seopress_titles_title":"Retour sur le TDJV de Brignais 2024","_seopress_titles_desc":"Derni\u00e8re \u00e9preuve de la saison 2024, le TDJV de Brignais a eu lieu dimanche 2 juin. Retour sur cet \u00e9v\u00e8nement majeur pour l&#039;\u00e9cole de VTT du VCB","_seopress_robots_index":"","_monsterinsights_skip_tracking":false,"_monsterinsights_sitenote_active":false,"_monsterinsights_sitenote_note":"","_monsterinsights_sitenote_category":0},"categories":[1],"tags":[],"_links":{"self":[{"href":"https:\/\/velo-club-brignais.com\/v2\/index.php?rest_route=\/wp\/v2\/posts\/5105"}],"collection":[{"href":"https:\/\/velo-club-brignais.com\/v2\/index.php?rest_route=\/wp\/v2\/posts"}],"about":[{"href":"https:\/\/velo-club-brignais.com\/v2\/index.php?rest_route=\/wp\/v2\/types\/post"}],"author":[{"embeddable":true,"href":"https:\/\/velo-club-brignais.com\/v2\/index.php?rest_route=\/wp\/v2\/users\/1"}],"replies":[{"embeddable":true,"href":"https:\/\/velo-club-brignais.com\/v2\/index.php?rest_route=%2Fwp%2Fv2%2Fcomments&post=5105"}],"version-history":[{"count":6,"href":"https:\/\/velo-club-brignais.com\/v2\/index.php?rest_route=\/wp\/v2\/posts\/5105\/revisions"}],"predecessor-version":[{"id":5141,"href":"https:\/\/velo-club-brignais.com\/v2\/index.php?rest_route=\/wp\/v2\/posts\/5105\/revisions\/5141"}],"wp:featuredmedia":[{"embeddable":true,"href":"https:\/\/velo-club-brignais.com\/v2\/index.php?rest_route=\/wp\/v2\/media\/5108"}],"wp:attachment":[{"href":"https:\/\/velo-club-brignais.com\/v2\/index.php?rest_route=%2Fwp%2Fv2%2Fmedia&parent=5105"}],"wp:term":[{"taxonomy":"category","embeddable":true,"href":"https:\/\/velo-club-brignais.com\/v2\/index.php?rest_route=%2Fwp%2Fv2%2Fcategories&post=5105"},{"taxonomy":"post_tag","embeddable":true,"href":"https:\/\/velo-club-brignais.com\/v2\/index.php?rest_route=%2Fwp%2Fv2%2Ftags&post=5105"}],"curies":[{"name":"wp","href":"https:\/\/api.w.org\/{rel}","templated":true}]}}