{"id":5750,"date":"2026-03-16T12:14:44","date_gmt":"2026-03-16T11:14:44","guid":{"rendered":"https:\/\/velo-club-brignais.com\/v2\/?p=5750"},"modified":"2026-03-16T12:21:45","modified_gmt":"2026-03-16T11:21:45","slug":"%ef%bf%bcun-debut-de-saison-qui-donne-le-ton","status":"publish","type":"post","link":"https:\/\/velo-club-brignais.com\/v2\/?p=5750","title":{"rendered":"Un d\u00e9but de saison qui donne le ton !"},"content":{"rendered":"\n<p>Ce week-end, \u00e0 Pommiers (Rh\u00f4ne), se d\u00e9roulait le 1er <strong>Troph\u00e9e D\u00e9partemental des Jeunes V\u00e9t\u00e9tistes<\/strong> de la saison\u2026 et notre <strong>\u00e9cole de VTT <\/strong>a r\u00e9pondu pr\u00e9sente en force.<\/p>\n\n\n\n<p><strong>37 jeunes du club engag\u00e9s<\/strong> sur environ 150 participants, des <strong>cat\u00e9gories U9 \u00e0 U17<\/strong> (7 \u00e0 16 ans).<br>Autant dire que nos couleurs \u00e9taient partout sur les parcours !<\/p>\n\n\n\n<h3>&#x1f525; Des jeunes impressionnants<\/h3>\n\n\n\n<p>Tout au long de la journ\u00e9e, nos jeunes v\u00e9t\u00e9tistes ont montr\u00e9 \u00e9nergie, courage et d\u00e9termination.<br>Certains ont m\u00eame \u00e9t\u00e9 au bout d\u2019eux-m\u00eames pour aller chercher la performance, se d\u00e9passer et d\u00e9fendre fi\u00e8rement les couleurs du club.<\/p>\n\n\n\n<p>Et les r\u00e9sultats sont l\u00e0 : <strong>plusieurs m\u00e9dailles re<\/strong>mport\u00e9es !<br>Une belle r\u00e9compense pour leur travail, leur motivation et leur passion du VTT.<\/p>\n\n\n\n<h3>&#x1f44f; Mention sp\u00e9ciale \u00e0 nos f\u00e9minines<\/h3>\n\n\n\n<p><strong>Un grand bravo \u00e9galement \u00e0 nos jeunes v\u00e9t\u00e9tistes f\u00e9minines<\/strong>, qui ont port\u00e9 haut les couleurs du club et montr\u00e9 que le VTT est aussi une superbe aventure au f\u00e9minin.<\/p>\n\n\n\n<h3>&#x1f91d; Une grande \u00e9quipe derri\u00e8re les jeunes<\/h3>\n\n\n\n<p>Parce qu\u2019une telle journ\u00e9e ne se vit jamais seul :<br>merci aux parents, b\u00e9n\u00e9voles, moniteurs et accompagnateurs pour leur pr\u00e9sence, leurs encouragements et leur engagement tout au long de la saison.<\/p>\n\n\n\n<p>Et bien s\u00fbr un grand merci aux organisateurs pour cette belle \u00e9preuve et l\u2019accueil r\u00e9serv\u00e9 aux jeunes comp\u00e9titeurs.<\/p>\n\n\n\n<h3>&#x1f6b5;&#x200d;&#x2640;&#xfe0f; Une \u00e9cole de VTT dynamique<\/h3>\n\n\n\n<p>Cette journ\u00e9e illustre parfaitement l\u2019esprit de notre \u00e9cole de VTT :<\/p>\n\n\n\n<ul><li>le go\u00fbt de l\u2019effort<\/li><li>la progression sportive<\/li><li>mais aussi la convivialit\u00e9 et le plaisir de rouler ensemble<\/li><\/ul>\n\n\n\n<p>Si votre enfant veut d\u00e9couvrir le VTT, progresser et vivre de belles aventures sportives, notre \u00e9cole sera ravie d\u2019accueillir de nouveaux jeunes \u00e0 la rentr\u00e9e\u2026 et particuli\u00e8rement des filles !<\/p>\n\n\n\n<h3>&#x1f4c5; Prochain rendez-vous<\/h3>\n\n\n\n<p>Pas le temps de souffler :<br>Le 29 mars, TDJV de l&#8217;Etoile Cycliste Muroise \u00e0 Saint Laurent de Mure, o\u00f9 nous serons bien s\u00fbr encore au rendez-vous !<\/p>\n\n\n\n<figure class=\"wp-block-gallery has-nested-images columns-default is-cropped\">\n<figure class=\"wp-block-image size-large\"><img loading=\"lazy\" width=\"577\" height=\"1024\" data-id=\"5760\"  src=\"http:\/\/velo-club-brignais.com\/v2\/wp-content\/uploads\/2026\/03\/VCB-ecole-VTT1.png\" alt=\"\" class=\"wp-image-5760\" srcset=\"https:\/\/velo-club-brignais.com\/v2\/wp-content\/uploads\/2026\/03\/VCB-ecole-VTT1.png 577w, https:\/\/velo-club-brignais.com\/v2\/wp-content\/uploads\/2026\/03\/VCB-ecole-VTT1-169x300.png 169w, https:\/\/velo-club-brignais.com\/v2\/wp-content\/uploads\/2026\/03\/VCB-ecole-VTT1-85x150.png 85w\" sizes=\"(max-width: 577px) 100vw, 577px\" \/><\/figure>\n\n\n\n<figure class=\"wp-block-image size-large\"><img loading=\"lazy\" width=\"577\" height=\"1024\" data-id=\"5758\"  src=\"http:\/\/velo-club-brignais.com\/v2\/wp-content\/uploads\/2026\/03\/VCB-ecole-VTT3.png\" alt=\"\" class=\"wp-image-5758\" srcset=\"https:\/\/velo-club-brignais.com\/v2\/wp-content\/uploads\/2026\/03\/VCB-ecole-VTT3.png 577w, https:\/\/velo-club-brignais.com\/v2\/wp-content\/uploads\/2026\/03\/VCB-ecole-VTT3-169x300.png 169w, https:\/\/velo-club-brignais.com\/v2\/wp-content\/uploads\/2026\/03\/VCB-ecole-VTT3-85x150.png 85w\" sizes=\"(max-width: 577px) 100vw, 577px\" \/><\/figure>\n\n\n\n<figure class=\"wp-block-image size-large\"><img loading=\"lazy\" width=\"1024\" height=\"768\" data-id=\"5757\"  src=\"http:\/\/velo-club-brignais.com\/v2\/wp-content\/uploads\/2026\/03\/VCB-ecole-VTT4.png\" alt=\"\" class=\"wp-image-5757\" srcset=\"https:\/\/velo-club-brignais.com\/v2\/wp-content\/uploads\/2026\/03\/VCB-ecole-VTT4.png 1024w, https:\/\/velo-club-brignais.com\/v2\/wp-content\/uploads\/2026\/03\/VCB-ecole-VTT4-300x225.png 300w, https:\/\/velo-club-brignais.com\/v2\/wp-content\/uploads\/2026\/03\/VCB-ecole-VTT4-150x113.png 150w, https:\/\/velo-club-brignais.com\/v2\/wp-content\/uploads\/2026\/03\/VCB-ecole-VTT4-768x576.png 768w, https:\/\/velo-club-brignais.com\/v2\/wp-content\/uploads\/2026\/03\/VCB-ecole-VTT4-945x709.png 945w, https:\/\/velo-club-brignais.com\/v2\/wp-content\/uploads\/2026\/03\/VCB-ecole-VTT4-600x450.png 600w\" sizes=\"(max-width: 1024px) 100vw, 1024px\" \/><\/figure>\n\n\n\n<figure class=\"wp-block-image size-large\"><img loading=\"lazy\" width=\"768\" height=\"1024\" data-id=\"5756\"  src=\"http:\/\/velo-club-brignais.com\/v2\/wp-content\/uploads\/2026\/03\/VCB-ecole-VTT5.png\" alt=\"\" class=\"wp-image-5756\" srcset=\"https:\/\/velo-club-brignais.com\/v2\/wp-content\/uploads\/2026\/03\/VCB-ecole-VTT5.png 768w, https:\/\/velo-club-brignais.com\/v2\/wp-content\/uploads\/2026\/03\/VCB-ecole-VTT5-225x300.png 225w, https:\/\/velo-club-brignais.com\/v2\/wp-content\/uploads\/2026\/03\/VCB-ecole-VTT5-113x150.png 113w, https:\/\/velo-club-brignais.com\/v2\/wp-content\/uploads\/2026\/03\/VCB-ecole-VTT5-600x800.png 600w\" sizes=\"(max-width: 768px) 100vw, 768px\" \/><\/figure>\n\n\n\n<figure class=\"wp-block-image size-large\"><img loading=\"lazy\" width=\"734\" height=\"1024\" data-id=\"5755\"  src=\"http:\/\/velo-club-brignais.com\/v2\/wp-content\/uploads\/2026\/03\/VCB-ecole-VTT6.png\" alt=\"\" class=\"wp-image-5755\" srcset=\"https:\/\/velo-club-brignais.com\/v2\/wp-content\/uploads\/2026\/03\/VCB-ecole-VTT6.png 734w, https:\/\/velo-club-brignais.com\/v2\/wp-content\/uploads\/2026\/03\/VCB-ecole-VTT6-215x300.png 215w, https:\/\/velo-club-brignais.com\/v2\/wp-content\/uploads\/2026\/03\/VCB-ecole-VTT6-108x150.png 108w, https:\/\/velo-club-brignais.com\/v2\/wp-content\/uploads\/2026\/03\/VCB-ecole-VTT6-600x837.png 600w\" sizes=\"(max-width: 734px) 100vw, 734px\" \/><\/figure>\n<\/figure>\n","protected":false},"excerpt":{"rendered":"<p>Ce week-end, \u00e0 Pommiers (Rh\u00f4ne), se d\u00e9roulait le 1er Troph\u00e9e D\u00e9partemental des Jeunes V\u00e9t\u00e9tistes de la saison\u2026 et notre \u00e9cole de VTT a r\u00e9pondu pr\u00e9sente en force. 37 jeunes du club engag\u00e9s sur environ 150 participants, des cat\u00e9gories U9 \u00e0&#8230; <a class=\"more-link\" href=\"https:\/\/velo-club-brignais.com\/v2\/?p=5750\">Continue Reading &rarr;<\/a><\/p>\n","protected":false},"author":1,"featured_media":5753,"comment_status":"open","ping_status":"open","sticky":false,"template":"","format":"standard","meta":{"_seopress_robots_primary_cat":"none","_seopress_titles_title":"L'\u00e9cole de VTT du VCB en force au TDJV de Pommiers","_seopress_titles_desc":"Ce week-end, \u00e0 Pommiers se d\u00e9roulait le 1er Troph\u00e9e D\u00e9partemental des Jeunes V\u00e9t\u00e9tistes de la saison\u2026 et notre \u00e9cole de VTT a r\u00e9pondu pr\u00e9sente en force.","_seopress_robots_index":"","_monsterinsights_skip_tracking":false,"_monsterinsights_sitenote_active":false,"_monsterinsights_sitenote_note":"","_monsterinsights_sitenote_category":0},"categories":[1],"tags":[],"_links":{"self":[{"href":"https:\/\/velo-club-brignais.com\/v2\/index.php?rest_route=\/wp\/v2\/posts\/5750"}],"collection":[{"href":"https:\/\/velo-club-brignais.com\/v2\/index.php?rest_route=\/wp\/v2\/posts"}],"about":[{"href":"https:\/\/velo-club-brignais.com\/v2\/index.php?rest_route=\/wp\/v2\/types\/post"}],"author":[{"embeddable":true,"href":"https:\/\/velo-club-brignais.com\/v2\/index.php?rest_route=\/wp\/v2\/users\/1"}],"replies":[{"embeddable":true,"href":"https:\/\/velo-club-brignais.com\/v2\/index.php?rest_route=%2Fwp%2Fv2%2Fcomments&post=5750"}],"version-history":[{"count":2,"href":"https:\/\/velo-club-brignais.com\/v2\/index.php?rest_route=\/wp\/v2\/posts\/5750\/revisions"}],"predecessor-version":[{"id":5762,"href":"https:\/\/velo-club-brignais.com\/v2\/index.php?rest_route=\/wp\/v2\/posts\/5750\/revisions\/5762"}],"wp:featuredmedia":[{"embeddable":true,"href":"https:\/\/velo-club-brignais.com\/v2\/index.php?rest_route=\/wp\/v2\/media\/5753"}],"wp:attachment":[{"href":"https:\/\/velo-club-brignais.com\/v2\/index.php?rest_route=%2Fwp%2Fv2%2Fmedia&parent=5750"}],"wp:term":[{"taxonomy":"category","embeddable":true,"href":"https:\/\/velo-club-brignais.com\/v2\/index.php?rest_route=%2Fwp%2Fv2%2Fcategories&post=5750"},{"taxonomy":"post_tag","embeddable":true,"href":"https:\/\/velo-club-brignais.com\/v2\/index.php?rest_route=%2Fwp%2Fv2%2Ftags&post=5750"}],"curies":[{"name":"wp","href":"https:\/\/api.w.org\/{rel}","templated":true}]}}