{"id":5926,"date":"2026-09-02T07:47:14","date_gmt":"2026-09-02T06:47:14","guid":{"rendered":"https:\/\/velo-club-brignais.com\/v2\/?p=5926"},"modified":"2026-09-02T07:47:15","modified_gmt":"2026-09-02T06:47:15","slug":"notre-ecole-de-vtt-sera-au-forum-des-associations","status":"publish","type":"post","link":"https:\/\/velo-club-brignais.com\/v2\/?p=5926","title":{"rendered":"Notre \u00c9cole de VTT sera au Forum des Associations"},"content":{"rendered":"\n<p><strong>Samedi 5 septembre &#8211; Complexe sportif Minssieux \u2013 Brignais.<\/strong><\/p>\n\n\n\n<p>Vous cherchez une activit\u00e9 sportive pour votre enfant ? Vous voulez d\u00e9couvrir le VTT, comprendre ce que l&#8217;on propose ou simplement venir nous rencontrer ? <strong>Passez nous voir sur notre stand !<\/strong><\/p>\n\n\n\n<p>Et samedi, \u00e7a va rouler !<br>Venez assister \u00e0 nos <strong>d\u00e9monstrations de Trial et de Cross-country<\/strong> de 9h \u00e0 10h puis 11h \u00e0 12h sur le parking de Minssieux.<br>L&#8217;occasion de voir nos jeunes en action et de d\u00e9couvrir concr\u00e8tement ce que l&#8217;on fait au club.<\/p>\n\n\n\n<p>Cette ann\u00e9e, on aimerait aussi voir davantage de jeunes filles rejoindre nos rangs ! Alors, si votre fille aime le v\u00e9lo, l&#8217;aventure et les d\u00e9fis, venez nous rencontrer.<\/p>\n\n\n\n<p>Que votre enfant soit d\u00e9j\u00e0 passionn\u00e9 de VTT ou qu&#8217;il ait simplement envie d&#8217;essayer : venez discuter avec nous !<\/p>\n\n\n\n<p>Pour nous contacter d&#8217;ici l\u00e0 : <a href=\"mailto:vtt.brignais@gmail.com\">vtt.brignais@gmail.com<\/a><\/p>\n\n\n\n<p>A samedi.<\/p>\n","protected":false},"excerpt":{"rendered":"<p>Samedi 5 septembre &#8211; Complexe sportif Minssieux \u2013 Brignais. Vous cherchez une activit\u00e9 sportive pour votre enfant ? Vous voulez d\u00e9couvrir le VTT, comprendre ce que l&#8217;on propose ou simplement venir nous rencontrer ? Passez nous voir sur notre stand&#8230; <a class=\"more-link\" href=\"https:\/\/velo-club-brignais.com\/v2\/?p=5926\">Continue Reading &rarr;<\/a><\/p>\n","protected":false},"author":1,"featured_media":5929,"comment_status":"open","ping_status":"open","sticky":false,"template":"","format":"standard","meta":{"_seopress_robots_primary_cat":"none","_seopress_titles_title":"L'\u00c9cole de VTT du V\u00e9lo Club de Brignais sera au Forum des Associations !","_seopress_titles_desc":"Samedi 5 septembre, l'\u00c9cole de VTT du V\u00e9lo Club de Brignais sera au Forum des Associations au complexe sportif Minssieux","_seopress_robots_index":"","_monsterinsights_skip_tracking":false,"_monsterinsights_sitenote_active":false,"_monsterinsights_sitenote_note":"","_monsterinsights_sitenote_category":0},"categories":[1],"tags":[],"_links":{"self":[{"href":"https:\/\/velo-club-brignais.com\/v2\/index.php?rest_route=\/wp\/v2\/posts\/5926"}],"collection":[{"href":"https:\/\/velo-club-brignais.com\/v2\/index.php?rest_route=\/wp\/v2\/posts"}],"about":[{"href":"https:\/\/velo-club-brignais.com\/v2\/index.php?rest_route=\/wp\/v2\/types\/post"}],"author":[{"embeddable":true,"href":"https:\/\/velo-club-brignais.com\/v2\/index.php?rest_route=\/wp\/v2\/users\/1"}],"replies":[{"embeddable":true,"href":"https:\/\/velo-club-brignais.com\/v2\/index.php?rest_route=%2Fwp%2Fv2%2Fcomments&post=5926"}],"version-history":[{"count":1,"href":"https:\/\/velo-club-brignais.com\/v2\/index.php?rest_route=\/wp\/v2\/posts\/5926\/revisions"}],"predecessor-version":[{"id":5930,"href":"https:\/\/velo-club-brignais.com\/v2\/index.php?rest_route=\/wp\/v2\/posts\/5926\/revisions\/5930"}],"wp:featuredmedia":[{"embeddable":true,"href":"https:\/\/velo-club-brignais.com\/v2\/index.php?rest_route=\/wp\/v2\/media\/5929"}],"wp:attachment":[{"href":"https:\/\/velo-club-brignais.com\/v2\/index.php?rest_route=%2Fwp%2Fv2%2Fmedia&parent=5926"}],"wp:term":[{"taxonomy":"category","embeddable":true,"href":"https:\/\/velo-club-brignais.com\/v2\/index.php?rest_route=%2Fwp%2Fv2%2Fcategories&post=5926"},{"taxonomy":"post_tag","embeddable":true,"href":"https:\/\/velo-club-brignais.com\/v2\/index.php?rest_route=%2Fwp%2Fv2%2Ftags&post=5926"}],"curies":[{"name":"wp","href":"https:\/\/api.w.org\/{rel}","templated":true}]}}